{"id":2597,"date":"2020-03-20T09:01:36","date_gmt":"2020-03-20T09:01:36","guid":{"rendered":"http:\/\/localhost\/?p=2597"},"modified":"2020-11-19T12:02:55","modified_gmt":"2020-11-19T12:02:55","slug":"organizarnos-desde-casa","status":"publish","type":"post","link":"https:\/\/www3.ubu.es\/ubucevblog\/organizarnos-desde-casa\/","title":{"rendered":"Estudiante, seguimos contigo. \u00bfC\u00f3mo organizarnos desde casa?"},"content":{"rendered":"<div class=\"pvc_clear\"><\/div><p id=\"pvc_stats_2597\" class=\"pvc_stats total_only  \" data-element-id=\"2597\" style=\"\"><i class=\"pvc-stats-icon medium\" aria-hidden=\"true\"><svg aria-hidden=\"true\" focusable=\"false\" data-prefix=\"far\" data-icon=\"chart-bar\" role=\"img\" xmlns=\"http:\/\/www.w3.org\/2000\/svg\" viewBox=\"0 0 512 512\" class=\"svg-inline--fa fa-chart-bar fa-w-16 fa-2x\"><path fill=\"currentColor\" d=\"M396.8 352h22.4c6.4 0 12.8-6.4 12.8-12.8V108.8c0-6.4-6.4-12.8-12.8-12.8h-22.4c-6.4 0-12.8 6.4-12.8 12.8v230.4c0 6.4 6.4 12.8 12.8 12.8zm-192 0h22.4c6.4 0 12.8-6.4 12.8-12.8V140.8c0-6.4-6.4-12.8-12.8-12.8h-22.4c-6.4 0-12.8 6.4-12.8 12.8v198.4c0 6.4 6.4 12.8 12.8 12.8zm96 0h22.4c6.4 0 12.8-6.4 12.8-12.8V204.8c0-6.4-6.4-12.8-12.8-12.8h-22.4c-6.4 0-12.8 6.4-12.8 12.8v134.4c0 6.4 6.4 12.8 12.8 12.8zM496 400H48V80c0-8.84-7.16-16-16-16H16C7.16 64 0 71.16 0 80v336c0 17.67 14.33 32 32 32h464c8.84 0 16-7.16 16-16v-16c0-8.84-7.16-16-16-16zm-387.2-48h22.4c6.4 0 12.8-6.4 12.8-12.8v-70.4c0-6.4-6.4-12.8-12.8-12.8h-22.4c-6.4 0-12.8 6.4-12.8 12.8v70.4c0 6.4 6.4 12.8 12.8 12.8z\" class=\"\"><\/path><\/svg><\/i> <img loading=\"lazy\" decoding=\"async\" width=\"16\" height=\"16\" alt=\"Loading\" src=\"https:\/\/www3.ubu.es\/ubucevblog\/wp-content\/plugins\/page-views-count\/ajax-loader-2x.gif\" border=0 \/><\/p><div class=\"pvc_clear\"><\/div>\n<p><strong>En la Universidad seguimos trabajando desde casa<\/strong> para darte las respuestas que necesites. Ya sabes,<a rel=\"noreferrer noopener\" aria-label=\"aqu\u00ed no paramos (se abre en una nueva pesta\u00f1a)\" href=\"https:\/\/www3.ubu.es\/ubucevblog\/la-universidad-de-burgos-no-ha-parado-simplemente-nos-hemos-adaptado-a-las-circunstancias\/\" target=\"_blank\"> no paramos<\/a> <img loading=\"lazy\" decoding=\"async\" width=\"20\" height=\"20\" class=\"wp-image-2600\" style=\"width: 20px\" src=\"https:\/\/www3.ubu.es\/ubucevblog\/wp-content\/uploads\/2020\/03\/guino-e1584614030720.png\" alt=\"Icono de cara gui\u00f1ando un ojo\">.<\/p>\n\n\n\n<p><strong>Si eres estudiante, en este momento excepcional tendr\u00e1s que organizarte para seguir con tus asignaturas a trav\u00e9s de <a rel=\"noreferrer noopener\" aria-label=\"UBUVirtual (se abre en una nueva pesta\u00f1a)\" href=\"https:\/\/ubuvirtual.ubu.es\/\" target=\"_blank\">UBUVirtual<\/a>.<\/strong> Recuerda que la Universidad de Burgos ha puesto en marcha para el alumnado un  <strong><a rel=\"noreferrer noopener\" aria-label=\" (se abre en una nueva pesta\u00f1a)\" href=\"https:\/\/www.ubu.es\/sites\/default\/files\/portal_page\/files\/plan_continuidad_estudiantes_120320_1.pdf\" target=\"_blank\">Plan de Continuidad de la Actividad Acad\u00e9mica<\/a><\/strong>. <\/p>\n\n\n\n<div class=\"wp-block-image\"><figure class=\"aligncenter size-medium\"><img loading=\"lazy\" decoding=\"async\" width=\"300\" height=\"200\" src=\"https:\/\/www3.ubu.es\/ubucevblog\/wp-content\/uploads\/2020\/03\/Canva-Woman-Using-Computer-300x200.jpg\" alt=\"\" class=\"wp-image-2637\" srcset=\"https:\/\/www3.ubu.es\/ubucevblog\/wp-content\/uploads\/2020\/03\/Canva-Woman-Using-Computer-300x200.jpg 300w, https:\/\/www3.ubu.es\/ubucevblog\/wp-content\/uploads\/2020\/03\/Canva-Woman-Using-Computer-1024x683.jpg 1024w, https:\/\/www3.ubu.es\/ubucevblog\/wp-content\/uploads\/2020\/03\/Canva-Woman-Using-Computer-768x512.jpg 768w, https:\/\/www3.ubu.es\/ubucevblog\/wp-content\/uploads\/2020\/03\/Canva-Woman-Using-Computer-1536x1024.jpg 1536w, https:\/\/www3.ubu.es\/ubucevblog\/wp-content\/uploads\/2020\/03\/Canva-Woman-Using-Computer-2048x1365.jpg 2048w, https:\/\/www3.ubu.es\/ubucevblog\/wp-content\/uploads\/2020\/03\/Canva-Woman-Using-Computer-1170x780.jpg 1170w, https:\/\/www3.ubu.es\/ubucevblog\/wp-content\/uploads\/2020\/03\/Canva-Woman-Using-Computer-270x180.jpg 270w, https:\/\/www3.ubu.es\/ubucevblog\/wp-content\/uploads\/2020\/03\/Canva-Woman-Using-Computer-870x580.jpg 870w, https:\/\/www3.ubu.es\/ubucevblog\/wp-content\/uploads\/2020\/03\/Canva-Woman-Using-Computer-390x260.jpg 390w\" sizes=\"auto, (max-width: 300px) 100vw, 300px\" \/><\/figure><\/div>\n\n\n\n<div style=\"height:20px\" aria-hidden=\"true\" class=\"wp-block-spacer\"><\/div>\n\n\n\n<h3 class=\"wp-block-heading\">\u00bfPor d\u00f3nde empezar? Te damos las claves para organizarnos desde casa<\/h3>\n\n\n\n<div style=\"height:20px\" aria-hidden=\"true\" class=\"wp-block-spacer\"><\/div>\n\n\n\n<p class=\"has-text-align-left\"><strong>Sigue con tu rutina y horarios habituales:<\/strong><\/p>\n\n\n\n<ul class=\"wp-block-list\"><li><strong>Piensa en el d\u00eda como un jornada laboral habitual<\/strong>: despertarse, ducharse, desayunar, trabajar\/estudiar, almorzar, etc.<\/li><li><strong>Marca el inicio de la jornada y el final<\/strong>. Puedes seguir las horas de las clases presenciales, si eso te ayuda.<\/li><li> <strong>Sigue los tiempos habituales<\/strong> de las comidas y de sue\u00f1o, te ayudar\u00e1 para seguir con tu estudio despu\u00e9s. <\/li><\/ul>\n\n\n\n<p><strong>Espacio de trabajo<\/strong>:<\/p>\n\n\n\n<ul class=\"wp-block-list\"><li><strong>Prepara tu ambiente para estudiar <\/strong>y que sea siempre el mismo.<\/li><li>Si es posible, que est\u00e9 <strong>apartado de los sitios comunes<\/strong> de la casa.<\/li><li><strong>Haz que sea confortable para ti<\/strong>; una silla c\u00f3moda, una buena iluminaci\u00f3n, una mesa adecuada, el ordenador a la altura de los ojos,  y si te apetece, tambi\u00e9n puedes incluir alg\u00fan elemento que te motive.<\/li><\/ul>\n\n\n\n<div class=\"wp-block-image\"><figure class=\"aligncenter size-large\"><img loading=\"lazy\" decoding=\"async\" width=\"410\" height=\"1024\" src=\"https:\/\/www3.ubu.es\/ubucevblog\/wp-content\/uploads\/2020\/11\/INFORGRAFIA_ESTUDIANTES-410x1024.png\" alt=\"\" class=\"wp-image-3890\" srcset=\"https:\/\/www3.ubu.es\/ubucevblog\/wp-content\/uploads\/2020\/11\/INFORGRAFIA_ESTUDIANTES-410x1024.png 410w, https:\/\/www3.ubu.es\/ubucevblog\/wp-content\/uploads\/2020\/11\/INFORGRAFIA_ESTUDIANTES-120x300.png 120w, https:\/\/www3.ubu.es\/ubucevblog\/wp-content\/uploads\/2020\/11\/INFORGRAFIA_ESTUDIANTES-768x1920.png 768w, https:\/\/www3.ubu.es\/ubucevblog\/wp-content\/uploads\/2020\/11\/INFORGRAFIA_ESTUDIANTES-819x2048.png 819w, https:\/\/www3.ubu.es\/ubucevblog\/wp-content\/uploads\/2020\/11\/INFORGRAFIA_ESTUDIANTES-1170x2925.png 1170w, https:\/\/www3.ubu.es\/ubucevblog\/wp-content\/uploads\/2020\/11\/INFORGRAFIA_ESTUDIANTES-870x2175.png 870w, https:\/\/www3.ubu.es\/ubucevblog\/wp-content\/uploads\/2020\/11\/INFORGRAFIA_ESTUDIANTES-390x975.png 390w, https:\/\/www3.ubu.es\/ubucevblog\/wp-content\/uploads\/2020\/11\/INFORGRAFIA_ESTUDIANTES-300x750.png 300w\" sizes=\"auto, (max-width: 410px) 100vw, 410px\" \/><\/figure><\/div>\n\n\n\n<p><strong>Ordena tu agenda:<\/strong><\/p>\n\n\n\n<ul class=\"wp-block-list\"><li><strong>Piensa en el tiempo que vas a dedicar a cada asignatura<\/strong>, para no dejar ninguna atr\u00e1s.<\/li><li>En este \u00e1mbito es muy importante la <strong>autodisciplina<\/strong>, es f\u00e1cil, m\u00e1rcate un tiempo para cada tarea y <strong>no la abandones<\/strong>. <\/li><\/ul>\n\n\n\n<p><strong>Comun\u00edcate:<\/strong><\/p>\n\n\n\n<ul class=\"wp-block-list\"><li><strong>Mant\u00e9n el contacto con tus compa\u00f1eros\/as<\/strong>, como todos\/as estamos en la misma situaci\u00f3n, el soporte mutuo ayuda.<\/li><li>Sigue con las reuniones de <strong>trabajos en grupo<\/strong>.<\/li><li>Puedes utilizar las<a rel=\"noreferrer noopener\" aria-label=\" herramientas de la Universidad (se abre en una nueva pesta\u00f1a)\" href=\"https:\/\/www3.ubu.es\/ubucevblog\/office-365\/\" target=\"_blank\"> herramientas de la Universidad<\/a>. Recuerda que est\u00e1 a tu disposici\u00f3n el <strong><a href=\"https:\/\/www.ubu.es\/sites\/default\/files\/portal_page\/files\/plan_continuidad_estudiantes_120320_1.pdf\" target=\"_blank\" rel=\"noreferrer noopener\" aria-label=\" (se abre en una nueva pesta\u00f1a)\">Plan de Continuidad de la Actividad Acad\u00e9mica<\/a><\/strong>. <\/li><\/ul>\n\n\n\n<div class=\"wp-block-image\"><figure class=\"aligncenter size-medium\"><img loading=\"lazy\" decoding=\"async\" width=\"300\" height=\"274\" src=\"https:\/\/www3.ubu.es\/ubucevblog\/wp-content\/uploads\/2019\/11\/OFFICE_365-2-300x274.png\" alt=\"Ventajas de Office 365 - Universidad de Burgos\" class=\"wp-image-2014\" srcset=\"https:\/\/www3.ubu.es\/ubucevblog\/wp-content\/uploads\/2019\/11\/OFFICE_365-2-300x274.png 300w, https:\/\/www3.ubu.es\/ubucevblog\/wp-content\/uploads\/2019\/11\/OFFICE_365-2-768x701.png 768w, https:\/\/www3.ubu.es\/ubucevblog\/wp-content\/uploads\/2019\/11\/OFFICE_365-2-390x356.png 390w, https:\/\/www3.ubu.es\/ubucevblog\/wp-content\/uploads\/2019\/11\/OFFICE_365-2.png 843w\" sizes=\"auto, (max-width: 300px) 100vw, 300px\" \/><figcaption>Office 365 &#8211; Universidad de Burgos<\/figcaption><\/figure><\/div>\n\n\n\n<p><strong>Cu\u00eddate y cuida:<\/strong><\/p>\n\n\n\n<ul class=\"wp-block-list\"><li><strong>Descansa<\/strong>; tambi\u00e9n tienes que dedicar un espacio para ti, haz paradas cada ciertos periodos para no agobiarte.<\/li><li>Sigue las <strong><a href=\"https:\/\/www.ubu.es\/informacion-sobre-el-coronavirus-covid-19\/recomendaciones-de-la-oms\" target=\"_blank\" rel=\"noreferrer noopener\" aria-label=\" (se abre en una nueva pesta\u00f1a)\">recomendaciones de las autoridades sanitarias<\/a><\/strong> para evitar contagios y cuidar a los tuyos.<\/li><\/ul>\n\n\n\n<div style=\"height:20px\" aria-hidden=\"true\" class=\"wp-block-spacer\"><\/div>\n\n\n\n<p><strong>No te dejamos solo\/a.  Tienes a tu disposici\u00f3n el <a aria-label=\"Centro de Ense\u00f1anza Virtual (se abre en una nueva pesta\u00f1a)\" rel=\"noreferrer noopener\" href=\"https:\/\/www3.ubu.es\/ubucevblog\/contacto\/\" target=\"_blank\">Centro de Ense\u00f1anza Virtual<\/a> &#8211; UBUCEV y el <a aria-label=\"Centro de Atenci\u00f3n a usuarios (se abre en una nueva pesta\u00f1a)\" rel=\"noreferrer noopener\" href=\"https:\/\/www.ubu.es\/servicio-de-informatica-y-comunicaciones\/servicio-de-informatica-y-comunicaciones-vic-de-planificacion-servicios-y-sostenibilidad\/servicio-de-informatica-y-comunicaciones-centro-de\" target=\"_blank\">Centro de Atenci\u00f3n a usuarios<\/a> &#8211; CAU<\/strong>.<\/p>\n\n\n\n<div class=\"wp-block-image\"><figure class=\"aligncenter size-large is-resized\"><img loading=\"lazy\" decoding=\"async\" src=\"https:\/\/www3.ubu.es\/ubucevblog\/wp-content\/uploads\/2020\/11\/logo_feder-1024x128.png\" alt=\"\" class=\"wp-image-3891\" width=\"840\" height=\"105\" srcset=\"https:\/\/www3.ubu.es\/ubucevblog\/wp-content\/uploads\/2020\/11\/logo_feder-1024x128.png 1024w, https:\/\/www3.ubu.es\/ubucevblog\/wp-content\/uploads\/2020\/11\/logo_feder-300x38.png 300w, https:\/\/www3.ubu.es\/ubucevblog\/wp-content\/uploads\/2020\/11\/logo_feder-768x96.png 768w, https:\/\/www3.ubu.es\/ubucevblog\/wp-content\/uploads\/2020\/11\/logo_feder-870x109.png 870w, https:\/\/www3.ubu.es\/ubucevblog\/wp-content\/uploads\/2020\/11\/logo_feder-390x49.png 390w, https:\/\/www3.ubu.es\/ubucevblog\/wp-content\/uploads\/2020\/11\/logo_feder.png 1046w\" sizes=\"auto, (max-width: 840px) 100vw, 840px\" \/><\/figure><\/div>\n\n\n\n<p><\/p>\n","protected":false},"excerpt":{"rendered":"<div class=\"pvc_clear\"><\/div>\n<p id=\"pvc_stats_2597\" class=\"pvc_stats total_only  \" data-element-id=\"2597\" style=\"\"><i class=\"pvc-stats-icon medium\" aria-hidden=\"true\"><svg aria-hidden=\"true\" focusable=\"false\" data-prefix=\"far\" data-icon=\"chart-bar\" role=\"img\" xmlns=\"http:\/\/www.w3.org\/2000\/svg\" viewBox=\"0 0 512 512\" class=\"svg-inline--fa fa-chart-bar fa-w-16 fa-2x\"><path fill=\"currentColor\" d=\"M396.8 352h22.4c6.4 0 12.8-6.4 12.8-12.8V108.8c0-6.4-6.4-12.8-12.8-12.8h-22.4c-6.4 0-12.8 6.4-12.8 12.8v230.4c0 6.4 6.4 12.8 12.8 12.8zm-192 0h22.4c6.4 0 12.8-6.4 12.8-12.8V140.8c0-6.4-6.4-12.8-12.8-12.8h-22.4c-6.4 0-12.8 6.4-12.8 12.8v198.4c0 6.4 6.4 12.8 12.8 12.8zm96 0h22.4c6.4 0 12.8-6.4 12.8-12.8V204.8c0-6.4-6.4-12.8-12.8-12.8h-22.4c-6.4 0-12.8 6.4-12.8 12.8v134.4c0 6.4 6.4 12.8 12.8 12.8zM496 400H48V80c0-8.84-7.16-16-16-16H16C7.16 64 0 71.16 0 80v336c0 17.67 14.33 32 32 32h464c8.84 0 16-7.16 16-16v-16c0-8.84-7.16-16-16-16zm-387.2-48h22.4c6.4 0 12.8-6.4 12.8-12.8v-70.4c0-6.4-6.4-12.8-12.8-12.8h-22.4c-6.4 0-12.8 6.4-12.8 12.8v70.4c0 6.4 6.4 12.8 12.8 12.8z\" class=\"\"><\/path><\/svg><\/i> <img loading=\"lazy\" decoding=\"async\" width=\"16\" height=\"16\" alt=\"Loading\" src=\"https:\/\/www3.ubu.es\/ubucevblog\/wp-content\/plugins\/page-views-count\/ajax-loader-2x.gif\" border=0 \/><\/p>\n<div class=\"pvc_clear\"><\/div>\n<p>Te damos las claves para el organizar el trabajo de tus asignaturas desde casa.<\/p>\n","protected":false},"author":3,"featured_media":2634,"comment_status":"open","ping_status":"open","sticky":false,"template":"","format":"standard","meta":{"_uag_custom_page_level_css":"","_exactmetrics_skip_tracking":false,"_exactmetrics_sitenote_active":false,"_exactmetrics_sitenote_note":"","_exactmetrics_sitenote_category":0,"footnotes":""},"categories":[19],"tags":[57,27,84,35],"class_list":["post-2597","post","type-post","status-publish","format-standard","has-post-thumbnail","hentry","category-ubucev","tag-aprendizaje","tag-centro-de-ensenanza-virtual","tag-ensenanza-en-linea","tag-ubuvirtual"],"a3_pvc":{"activated":true,"total_views":67,"today_views":0},"uagb_featured_image_src":{"full":["https:\/\/www3.ubu.es\/ubucevblog\/wp-content\/uploads\/2020\/03\/Yo-me-quedo-en-casa.png",750,500,false],"thumbnail":["https:\/\/www3.ubu.es\/ubucevblog\/wp-content\/uploads\/2020\/03\/Yo-me-quedo-en-casa-150x150.png",150,150,true],"medium":["https:\/\/www3.ubu.es\/ubucevblog\/wp-content\/uploads\/2020\/03\/Yo-me-quedo-en-casa-300x200.png",300,200,true],"medium_large":["https:\/\/www3.ubu.es\/ubucevblog\/wp-content\/uploads\/2020\/03\/Yo-me-quedo-en-casa.png",640,427,false],"large":["https:\/\/www3.ubu.es\/ubucevblog\/wp-content\/uploads\/2020\/03\/Yo-me-quedo-en-casa.png",640,427,false],"1536x1536":["https:\/\/www3.ubu.es\/ubucevblog\/wp-content\/uploads\/2020\/03\/Yo-me-quedo-en-casa.png",750,500,false],"2048x2048":["https:\/\/www3.ubu.es\/ubucevblog\/wp-content\/uploads\/2020\/03\/Yo-me-quedo-en-casa.png",750,500,false],"post-thumbnail":["https:\/\/www3.ubu.es\/ubucevblog\/wp-content\/uploads\/2020\/03\/Yo-me-quedo-en-casa.png",300,200,false],"newspaperly-grid":["https:\/\/www3.ubu.es\/ubucevblog\/wp-content\/uploads\/2020\/03\/Yo-me-quedo-en-casa.png",345,230,false],"newspaperly-slider":["https:\/\/www3.ubu.es\/ubucevblog\/wp-content\/uploads\/2020\/03\/Yo-me-quedo-en-casa.png",750,500,false],"newspaperly-small":["https:\/\/www3.ubu.es\/ubucevblog\/wp-content\/uploads\/2020\/03\/Yo-me-quedo-en-casa.png",270,180,false]},"uagb_author_info":{"display_name":"UBUCEV","author_link":"https:\/\/www3.ubu.es\/ubucevblog\/author\/ubucev\/"},"uagb_comment_info":0,"uagb_excerpt":"Te damos las claves para el organizar el trabajo de tus asignaturas desde casa.","_links":{"self":[{"href":"https:\/\/www3.ubu.es\/ubucevblog\/wp-json\/wp\/v2\/posts\/2597","targetHints":{"allow":["GET"]}}],"collection":[{"href":"https:\/\/www3.ubu.es\/ubucevblog\/wp-json\/wp\/v2\/posts"}],"about":[{"href":"https:\/\/www3.ubu.es\/ubucevblog\/wp-json\/wp\/v2\/types\/post"}],"author":[{"embeddable":true,"href":"https:\/\/www3.ubu.es\/ubucevblog\/wp-json\/wp\/v2\/users\/3"}],"replies":[{"embeddable":true,"href":"https:\/\/www3.ubu.es\/ubucevblog\/wp-json\/wp\/v2\/comments?post=2597"}],"version-history":[{"count":68,"href":"https:\/\/www3.ubu.es\/ubucevblog\/wp-json\/wp\/v2\/posts\/2597\/revisions"}],"predecessor-version":[{"id":3892,"href":"https:\/\/www3.ubu.es\/ubucevblog\/wp-json\/wp\/v2\/posts\/2597\/revisions\/3892"}],"wp:featuredmedia":[{"embeddable":true,"href":"https:\/\/www3.ubu.es\/ubucevblog\/wp-json\/wp\/v2\/media\/2634"}],"wp:attachment":[{"href":"https:\/\/www3.ubu.es\/ubucevblog\/wp-json\/wp\/v2\/media?parent=2597"}],"wp:term":[{"taxonomy":"category","embeddable":true,"href":"https:\/\/www3.ubu.es\/ubucevblog\/wp-json\/wp\/v2\/categories?post=2597"},{"taxonomy":"post_tag","embeddable":true,"href":"https:\/\/www3.ubu.es\/ubucevblog\/wp-json\/wp\/v2\/tags?post=2597"}],"curies":[{"name":"wp","href":"https:\/\/api.w.org\/{rel}","templated":true}]}}