{"id":1146,"date":"2019-04-25T11:47:11","date_gmt":"2019-04-25T11:47:11","guid":{"rendered":"http:\/\/localhost\/?p=1146"},"modified":"2025-09-09T10:09:32","modified_gmt":"2025-09-09T10:09:32","slug":"elaboracion-de-guias-docentes","status":"publish","type":"post","link":"https:\/\/www3.ubu.es\/ubucevblog\/elaboracion-de-guias-docentes\/","title":{"rendered":"Elaboraci\u00f3n de Gu\u00edas Docentes"},"content":{"rendered":"<div class=\"pvc_clear\"><\/div><p id=\"pvc_stats_1146\" class=\"pvc_stats total_only  \" data-element-id=\"1146\" style=\"\"><i class=\"pvc-stats-icon medium\" aria-hidden=\"true\"><svg aria-hidden=\"true\" focusable=\"false\" data-prefix=\"far\" data-icon=\"chart-bar\" role=\"img\" xmlns=\"http:\/\/www.w3.org\/2000\/svg\" viewBox=\"0 0 512 512\" class=\"svg-inline--fa fa-chart-bar fa-w-16 fa-2x\"><path fill=\"currentColor\" d=\"M396.8 352h22.4c6.4 0 12.8-6.4 12.8-12.8V108.8c0-6.4-6.4-12.8-12.8-12.8h-22.4c-6.4 0-12.8 6.4-12.8 12.8v230.4c0 6.4 6.4 12.8 12.8 12.8zm-192 0h22.4c6.4 0 12.8-6.4 12.8-12.8V140.8c0-6.4-6.4-12.8-12.8-12.8h-22.4c-6.4 0-12.8 6.4-12.8 12.8v198.4c0 6.4 6.4 12.8 12.8 12.8zm96 0h22.4c6.4 0 12.8-6.4 12.8-12.8V204.8c0-6.4-6.4-12.8-12.8-12.8h-22.4c-6.4 0-12.8 6.4-12.8 12.8v134.4c0 6.4 6.4 12.8 12.8 12.8zM496 400H48V80c0-8.84-7.16-16-16-16H16C7.16 64 0 71.16 0 80v336c0 17.67 14.33 32 32 32h464c8.84 0 16-7.16 16-16v-16c0-8.84-7.16-16-16-16zm-387.2-48h22.4c6.4 0 12.8-6.4 12.8-12.8v-70.4c0-6.4-6.4-12.8-12.8-12.8h-22.4c-6.4 0-12.8 6.4-12.8 12.8v70.4c0 6.4 6.4 12.8 12.8 12.8z\" class=\"\"><\/path><\/svg><\/i> <img loading=\"lazy\" decoding=\"async\" width=\"16\" height=\"16\" alt=\"Loading\" src=\"https:\/\/www3.ubu.es\/ubucevblog\/wp-content\/plugins\/page-views-count\/ajax-loader-2x.gif\" border=0 \/><\/p><div class=\"pvc_clear\"><\/div>\n<p>La <strong><a aria-label=\"gu\u00eda docente (abre en una nueva pesta\u00f1a)\" href=\"http:\/\/noticias.universia.es\/ciencia-nn-tt\/reportaje\/2010\/05\/03\/647368\/1\/guia-docente-esqueleto-asignatura\/guia-docente.html\" target=\"_blank\" rel=\"noreferrer noopener\">gu\u00eda docente<\/a><\/strong> es el principal instrumento de informaci\u00f3n sobre cada una de las asignaturas que se imparten en la Universidad de Burgos. Constituye la estructura sobre la cual se va a cimentar la asignatura y, por ello, debe contener todos los datos que puedan ser relevantes para el estudiante.<\/p>\n\n\n\n<p>Partiendo de las memorias de verificaci\u00f3n de los distintos <a rel=\"noreferrer noopener\" aria-label=\"planes de estudios (abre en una nueva pesta\u00f1a)\" href=\"https:\/\/www.ubu.es\/estudios\/oferta-de-estudios\" target=\"_blank\">planes de estudios<\/a>, las gu\u00edas docentes <strong>concretan y ampl\u00edan la informaci\u00f3n sobre cada asignatura<\/strong>, no s\u00f3lo en cuanto a contenidos y docente\/s responsable\/s de la misma, sino que tambi\u00e9n detallan los objetivos, las competencias, los sistemas y criterios de evaluaci\u00f3n&#8230; Por tanto, constituyen en s\u00ed mismas el compromiso del docente, que ha de mantenerse durante el desarrollo del curso.<\/p>\n\n\n\n<p>Adem\u00e1s, los estudiantes las necesitan para recabar informaci\u00f3n previa a su matriculaci\u00f3n, por lo que deben ser lo m\u00e1s detalladas posible. Tambi\u00e9n sirven para comparar los contenidos de las materias entre universidades y entre planes de estudios. Como se pueden utilizar a la hora de solicitar convalidaciones, la UBU mantiene las <a aria-label=\"gu\u00edas docentes (abre en una nueva pesta\u00f1a)\" rel=\"noreferrer noopener\" href=\"https:\/\/www.ubu.es\/master-universitario-en-ingenieria-industrial\/informacion-basica\/guias-docentes\/guias-docentes-de-cursos-anteriores\" target=\"_blank\">gu\u00edas docentes<\/a> de <a aria-label=\"cursos anteriores (abre en una nueva pesta\u00f1a)\" href=\"https:\/\/www.ubu.es\/doble-grado-en-derecho-y-administracion-y-direccion-de-empresas\/informacion-basica\/guias-docentes\/guias-docentes-de-cursos-anteriores\" target=\"_blank\" rel=\"noreferrer noopener\">cursos anteriores<\/a> en la mayor\u00eda de titulaciones.<\/p>\n\n\n\n<h2 class=\"wp-block-heading\">Procedimiento de Ordenaci\u00f3n Acad\u00e9mica<\/h2>\n\n\n\n<p>La elaboraci\u00f3n de gu\u00edas docentes est\u00e1 descrita en el \u00abProcedimiento de elaboraci\u00f3n y aprobaci\u00f3n de gu\u00edas docentes\u00bb, dentro de las <a aria-label=\"normativas propias (abre en una nueva pesta\u00f1a)\" href=\"https:\/\/www.ubu.es\/vicerrectorado-de-politicas-academicas\/normativa-de-politicas-academicas\/normativa-propia-de-la-universidad-de-burgos-en-materia-de-ordenacion-academica\/sobre-la-ordenacion\" target=\"_blank\" rel=\"noreferrer noopener\">normativas propias<\/a> de Ordenaci\u00f3n Acad\u00e9mica publicadas por el Vicerrectorado de Docencia y Ense\u00f1anza Digital.<\/p>\n\n\n\n<p>El <a href=\"https:\/\/www.ubu.es\/vicerrectorado-de-docencia-y-profesorado\/ordenacion-academica\/procedimiento-de-elaboracion-y-aprobacion-de-las-guias-docentes\" target=\"_blank\" rel=\"noreferrer noopener\">Procedimiento<\/a> (actualizado cada curso acad\u00e9mico) establece un calendario con las fases por las cuales se elaboran, revisan y aprueban las gu\u00edas docentes. Habitualmente, a primeros de abril se empieza a trabajar en las gu\u00edas docentes del curso siguiente, para ser publicadas de manera definitiva a mediados del mes de junio, antes de abrirse el proceso de matriculaci\u00f3n.<\/p>\n\n\n\n<h2 class=\"wp-block-heading\">Se gestionan desde UBUVirtual<\/h2>\n\n\n\n<p>En la UBU, las gu\u00edas docentes se elaboran a trav\u00e9s de un m\u00f3dulo espec\u00edfico que se encuentra instalado en <a aria-label=\" (abre en una nueva pesta\u00f1a)\" rel=\"noreferrer noopener\" href=\"https:\/\/www3.ubu.es\/ubucevblog\/campus-virtual-ubu-ubuvirtual\/\" target=\"_blank\">UBUVirtual<\/a>. Cada asignatura tiene una \u00fanica gu\u00eda docente, la cual se encuentra alojada en el Grupo con numeraci\u00f3n m\u00e1s baja de la asignatura (en la mayor\u00eda de los casos es el <strong>Grupo 1 Presencial<\/strong>) y solamente puede editarse desde el mismo. La gu\u00eda docente \u00fanicamente puede existir en la primera secci\u00f3n (tema 0) y <strong>se recomienda que est\u00e9 oculta<\/strong>, ya que los estudiantes no pueden acceder a ella sino que \u00fanicamente ver\u00e1n el PDF resultante de la \u00faltima exportaci\u00f3n y ya disponen del enlace correspondiente.<\/p>\n\n\n<div class=\"wp-block-image\">\n<figure class=\"aligncenter\"><img decoding=\"async\" src=\"https:\/\/ubuvirtual.ubu.es\/theme\/image.php\/boost\/guiadocente\/1551175678\/icon\" alt=\"icono de gu\u00eda docente en UBUVirtual\" \/><\/figure>\n<\/div>\n\n\n<p>Para acceder a elaborar o modificar la gu\u00eda docente, es necesario entrar al grupo m\u00e1s bajo de la asignatura, <strong>activar la edici\u00f3n<\/strong> y localizar la gu\u00eda docente en el bloque \u00abGu\u00eda docente\u00bb, o alternativamente en la primera secci\u00f3n (tema 0). El bloque mostrar\u00e1 el aspecto de la imagen izquierda si la gu\u00eda a\u00fan no ha sido creada y el de la derecha si ya existe.<\/p>\n\n\n<div class=\"wp-block-image\">\n<figure class=\"aligncenter size-large\"><img loading=\"lazy\" decoding=\"async\" width=\"593\" height=\"136\" src=\"https:\/\/www3.ubu.es\/ubucevblog\/wp-content\/uploads\/2021\/04\/Bloques-guia-docente.png\" alt=\"\" class=\"wp-image-4246\" srcset=\"https:\/\/www3.ubu.es\/ubucevblog\/wp-content\/uploads\/2021\/04\/Bloques-guia-docente.png 593w, https:\/\/www3.ubu.es\/ubucevblog\/wp-content\/uploads\/2021\/04\/Bloques-guia-docente-300x69.png 300w, https:\/\/www3.ubu.es\/ubucevblog\/wp-content\/uploads\/2021\/04\/Bloques-guia-docente-390x89.png 390w\" sizes=\"auto, (max-width: 593px) 100vw, 593px\" \/><\/figure>\n<\/div>\n\n\n<h2 class=\"wp-block-heading\">Detalles a tener en cuenta<\/h2>\n\n\n\n<p>A la hora de trabajar con las gu\u00edas docentes, es conveniente <strong>recalcar algunos aspectos<\/strong>:<\/p>\n\n\n\n<p>Las gu\u00edas docentes se exportan a PDF en junio y son oficiales para el curso siguiente, por lo que cualquier modificaci\u00f3n en las mismas <strong>s\u00f3lo tendr\u00e1 efecto para el pr\u00f3ximo curso<\/strong>.<\/p>\n\n\n<div class=\"wp-block-image is-resized\">\n<figure class=\"aligncenter\"><img decoding=\"async\" src=\"https:\/\/ubuvirtual.ubu.es\/theme\/image.php\/boost\/guiadocente\/1551175678\/icon\" alt=\"icono de gu\u00eda docente en UBUVirtual\" \/><\/figure>\n<\/div>\n\n\n<p>Aunque en la gu\u00eda docente aparece el campo \u00abDescripci\u00f3n\u00bb, como en cualquier actividad o recurso, dicho campo (caja de texto) debe dejarse vac\u00edo, ya que no forma parte de la gu\u00eda.<\/p>\n\n\n<div class=\"wp-block-image\">\n<figure class=\"aligncenter\"><img decoding=\"async\" src=\"https:\/\/ubuvirtual.ubu.es\/theme\/image.php\/boost\/guiadocente\/1551175678\/icon\" alt=\"icono de gu\u00eda docente en UBUVirtual\" \/><\/figure>\n<\/div>\n\n\n<p>Una vez en la pantalla de edici\u00f3n de gu\u00eda docente, <strong>las pesta\u00f1as funcionan independientemente<\/strong>. Cada pesta\u00f1a tiene botones para hacer modificaciones dentro de cada apartado.<\/p>\n\n\n<div class=\"wp-block-image\">\n<figure class=\"aligncenter\"><img decoding=\"async\" src=\"https:\/\/ubuvirtual.ubu.es\/theme\/image.php\/boost\/guiadocente\/1551175678\/icon\" alt=\"icono de gu\u00eda docente en UBUVirtual\" \/><\/figure>\n<\/div>\n\n\n<p><strong>No se puede hacer copia<\/strong> o volcado de una gu\u00eda docente. <strong>Aunque es posible eliminarla, se recomienda no hacerlo nunca<\/strong>, excepto si a continuaci\u00f3n se va a importar desde otra asignatura y editar. En caso de que, a pesar de que UBUVirtual pide confirmaci\u00f3n, <strong>se haya llegado a eliminar por error<\/strong>, podr\u00e1 recuperarse desde la papelera de reciclaje (men\u00fa superior horizontal, opci\u00f3n M\u00e1s &#8211; Papelera de reciclaje).<\/p>\n\n\n<div class=\"wp-block-image is-resized\">\n<figure class=\"aligncenter\"><img decoding=\"async\" src=\"https:\/\/ubuvirtual.ubu.es\/theme\/image.php\/boost\/guiadocente\/1551175678\/icon\" alt=\"icono de gu\u00eda docente en UBUVirtual\" \/><\/figure>\n<\/div>\n\n\n<p><strong>Cuando una gu\u00eda docente no existe<\/strong> en la asignatura (por ejemplo: asignatura de nueva creaci\u00f3n, nuevo plan de estudios, etc.), se puede <a href=\"https:\/\/tldrify.com\/13ea\" target=\"_blank\" rel=\"noreferrer noopener\">importar la gu\u00eda docente<\/a> desde otra asignatura. Para ello se han de seguir los pasos de cualquier importaci\u00f3n: se debe tener acceso a ambas asignaturas, ruleta de Acciones &#8211; importar, y seleccionar la gu\u00eda docente en la lista de actividades y recursos de la asignatura origen.<\/p>\n\n\n<div class=\"wp-block-image\">\n<figure class=\"aligncenter\"><img decoding=\"async\" src=\"https:\/\/ubuvirtual.ubu.es\/theme\/image.php\/boost\/guiadocente\/1551175678\/icon\" alt=\"icono de gu\u00eda docente en UBUVirtual\" \/><\/figure>\n<\/div>\n\n\n<p>Los cambios en las gu\u00edas docentes fuera de los plazos establecidos tendr\u00e1n car\u00e1cter excepcional; una vez realizados por por el\/la coordinador\/a de la titulaci\u00f3n, se debe solicitar la exportaci\u00f3n a PDF a la <a href=\"https:\/\/www.ubu.es\/vicerrectorado-de-docencia-y-ensenanza-digital\" target=\"_blank\" rel=\"noreferrer noopener\">Secretar\u00eda del Vicerrectorado de Docencia y Profesorado<\/a>, quien proceder\u00e1 a su tramitaci\u00f3n.<br><\/p>\n\n\n\n<div style=\"height:100px\" aria-hidden=\"true\" class=\"wp-block-spacer\"><\/div>\n","protected":false},"excerpt":{"rendered":"<div class=\"pvc_clear\"><\/div>\n<p id=\"pvc_stats_1146\" class=\"pvc_stats total_only  \" data-element-id=\"1146\" style=\"\"><i class=\"pvc-stats-icon medium\" aria-hidden=\"true\"><svg aria-hidden=\"true\" focusable=\"false\" data-prefix=\"far\" data-icon=\"chart-bar\" role=\"img\" xmlns=\"http:\/\/www.w3.org\/2000\/svg\" viewBox=\"0 0 512 512\" class=\"svg-inline--fa fa-chart-bar fa-w-16 fa-2x\"><path fill=\"currentColor\" d=\"M396.8 352h22.4c6.4 0 12.8-6.4 12.8-12.8V108.8c0-6.4-6.4-12.8-12.8-12.8h-22.4c-6.4 0-12.8 6.4-12.8 12.8v230.4c0 6.4 6.4 12.8 12.8 12.8zm-192 0h22.4c6.4 0 12.8-6.4 12.8-12.8V140.8c0-6.4-6.4-12.8-12.8-12.8h-22.4c-6.4 0-12.8 6.4-12.8 12.8v198.4c0 6.4 6.4 12.8 12.8 12.8zm96 0h22.4c6.4 0 12.8-6.4 12.8-12.8V204.8c0-6.4-6.4-12.8-12.8-12.8h-22.4c-6.4 0-12.8 6.4-12.8 12.8v134.4c0 6.4 6.4 12.8 12.8 12.8zM496 400H48V80c0-8.84-7.16-16-16-16H16C7.16 64 0 71.16 0 80v336c0 17.67 14.33 32 32 32h464c8.84 0 16-7.16 16-16v-16c0-8.84-7.16-16-16-16zm-387.2-48h22.4c6.4 0 12.8-6.4 12.8-12.8v-70.4c0-6.4-6.4-12.8-12.8-12.8h-22.4c-6.4 0-12.8 6.4-12.8 12.8v70.4c0 6.4 6.4 12.8 12.8 12.8z\" class=\"\"><\/path><\/svg><\/i> <img loading=\"lazy\" decoding=\"async\" width=\"16\" height=\"16\" alt=\"Loading\" src=\"https:\/\/www3.ubu.es\/ubucevblog\/wp-content\/plugins\/page-views-count\/ajax-loader-2x.gif\" border=0 \/><\/p>\n<div class=\"pvc_clear\"><\/div>\n<p>Qu\u00e9 son las gu\u00edas docentes, por qu\u00e9 son importantes, c\u00f3mo se gestionan en la Universidad de Burgos. Todo esto y m\u00e1s, en este art\u00edculo del blog.<\/p>\n","protected":false},"author":3,"featured_media":1166,"comment_status":"open","ping_status":"open","sticky":false,"template":"","format":"standard","meta":{"_uag_custom_page_level_css":"","_exactmetrics_skip_tracking":false,"_exactmetrics_sitenote_active":false,"_exactmetrics_sitenote_note":"","_exactmetrics_sitenote_category":0,"footnotes":""},"categories":[19,21],"tags":[],"class_list":["post-1146","post","type-post","status-publish","format-standard","has-post-thumbnail","hentry","category-ubucev","category-ubuvirtual"],"a3_pvc":{"activated":true,"total_views":306,"today_views":0},"uagb_featured_image_src":{"full":["https:\/\/www3.ubu.es\/ubucevblog\/wp-content\/uploads\/2019\/04\/Portada-2.jpg",750,500,false],"thumbnail":["https:\/\/www3.ubu.es\/ubucevblog\/wp-content\/uploads\/2019\/04\/Portada-2-150x150.jpg",150,150,true],"medium":["https:\/\/www3.ubu.es\/ubucevblog\/wp-content\/uploads\/2019\/04\/Portada-2-300x200.jpg",300,200,true],"medium_large":["https:\/\/www3.ubu.es\/ubucevblog\/wp-content\/uploads\/2019\/04\/Portada-2.jpg",640,427,false],"large":["https:\/\/www3.ubu.es\/ubucevblog\/wp-content\/uploads\/2019\/04\/Portada-2.jpg",640,427,false],"1536x1536":["https:\/\/www3.ubu.es\/ubucevblog\/wp-content\/uploads\/2019\/04\/Portada-2.jpg",750,500,false],"2048x2048":["https:\/\/www3.ubu.es\/ubucevblog\/wp-content\/uploads\/2019\/04\/Portada-2.jpg",750,500,false],"post-thumbnail":["https:\/\/www3.ubu.es\/ubucevblog\/wp-content\/uploads\/2019\/04\/Portada-2.jpg",300,200,false],"newspaperly-grid":["https:\/\/www3.ubu.es\/ubucevblog\/wp-content\/uploads\/2019\/04\/Portada-2.jpg",345,230,false],"newspaperly-slider":["https:\/\/www3.ubu.es\/ubucevblog\/wp-content\/uploads\/2019\/04\/Portada-2.jpg",750,500,false],"newspaperly-small":["https:\/\/www3.ubu.es\/ubucevblog\/wp-content\/uploads\/2019\/04\/Portada-2.jpg",270,180,false]},"uagb_author_info":{"display_name":"UBUCEV","author_link":"https:\/\/www3.ubu.es\/ubucevblog\/author\/ubucev\/"},"uagb_comment_info":0,"uagb_excerpt":"Qu\u00e9 son las gu\u00edas docentes, por qu\u00e9 son importantes, c\u00f3mo se gestionan en la Universidad de Burgos. Todo esto y m\u00e1s, en este art\u00edculo del blog.","_links":{"self":[{"href":"https:\/\/www3.ubu.es\/ubucevblog\/wp-json\/wp\/v2\/posts\/1146","targetHints":{"allow":["GET"]}}],"collection":[{"href":"https:\/\/www3.ubu.es\/ubucevblog\/wp-json\/wp\/v2\/posts"}],"about":[{"href":"https:\/\/www3.ubu.es\/ubucevblog\/wp-json\/wp\/v2\/types\/post"}],"author":[{"embeddable":true,"href":"https:\/\/www3.ubu.es\/ubucevblog\/wp-json\/wp\/v2\/users\/3"}],"replies":[{"embeddable":true,"href":"https:\/\/www3.ubu.es\/ubucevblog\/wp-json\/wp\/v2\/comments?post=1146"}],"version-history":[{"count":22,"href":"https:\/\/www3.ubu.es\/ubucevblog\/wp-json\/wp\/v2\/posts\/1146\/revisions"}],"predecessor-version":[{"id":7437,"href":"https:\/\/www3.ubu.es\/ubucevblog\/wp-json\/wp\/v2\/posts\/1146\/revisions\/7437"}],"wp:featuredmedia":[{"embeddable":true,"href":"https:\/\/www3.ubu.es\/ubucevblog\/wp-json\/wp\/v2\/media\/1166"}],"wp:attachment":[{"href":"https:\/\/www3.ubu.es\/ubucevblog\/wp-json\/wp\/v2\/media?parent=1146"}],"wp:term":[{"taxonomy":"category","embeddable":true,"href":"https:\/\/www3.ubu.es\/ubucevblog\/wp-json\/wp\/v2\/categories?post=1146"},{"taxonomy":"post_tag","embeddable":true,"href":"https:\/\/www3.ubu.es\/ubucevblog\/wp-json\/wp\/v2\/tags?post=1146"}],"curies":[{"name":"wp","href":"https:\/\/api.w.org\/{rel}","templated":true}]}}